{"id":218,"date":"2026-04-22T18:29:39","date_gmt":"2026-04-22T16:29:39","guid":{"rendered":"https:\/\/muzeum-sulmierzyce.pl\/?p=218"},"modified":"2026-04-22T18:30:34","modified_gmt":"2026-04-22T16:30:34","slug":"218","status":"publish","type":"post","link":"https:\/\/muzeum-sulmierzyce.pl\/?p=218","title":{"rendered":"Oficjalny profil Muzeum Regionalnego Ziemi Sulmierzyckiej jest ju\u017c dost\u0119pny na Facebooku. Zapraszamy do obserwowania naszego fanpage\u2019a!"},"content":{"rendered":"\n<div style=\"max-width:900px; margin:0 auto;\">\n\n  <div style=\"background:#ffffff; border-radius:22px; padding:32px; box-shadow:0 10px 28px rgba(17,24,39,0.08); border:1px solid rgba(33,71,156,0.08);\">\n\n    <div style=\"display:flex; align-items:center; gap:16px; flex-wrap:wrap; margin-bottom:20px;\">\n      <img decoding=\"async\" src=\"\/wp-content\/themes\/muzeum-theme-fixed2-updated\/assets\/logo_muzeum.png\"\n           alt=\"Logo Muzeum Regionalnego Ziemi Sulmierzyckiej\"\n           style=\"width:82px; height:auto; border-radius:12px; background:#fff; box-shadow:0 6px 18px rgba(0,0,0,0.08); padding:6px;\">\n\n      <div style=\"display:flex; align-items:center; gap:10px;\">\n        <div style=\"width:46px; height:46px; border-radius:14px; background:#1877f2; color:#fff; display:flex; align-items:center; justify-content:center; font-size:24px; font-weight:700;\">\n          f\n        <\/div>\n        <div>\n          <div style=\"font-size:13px; font-weight:700; letter-spacing:0.08em; text-transform:uppercase; color:#21479c; margin-bottom:4px;\">\n            Nowo\u015b\u0107\n          <\/div>\n          <div style=\"font-family:Georgia, 'Times New Roman', serif; font-size:34px; line-height:1.15; color:#21479c; font-weight:700;\">\n            Jeste\u015bmy ju\u017c na Facebooku!\n          <\/div>\n        <\/div>\n      <\/div>\n    <\/div>\n\n    <div style=\"width:100%; max-width:220px; height:3px; border-radius:999px; background:linear-gradient(90deg,#21479c,#7ea2ff); margin-bottom:22px;\"><\/div>\n\n    <p style=\"font-size:18px; line-height:1.85; color:#233042; margin:0 0 16px;\">\n      Mamy dobr\u0105 wiadomo\u015b\u0107 \u2014 Muzeum Regionalne Ziemi Sulmierzyckiej im. F. S. Klonowicza jest ju\u017c dost\u0119pne na Facebooku.\n    <\/p>\n\n    <p style=\"font-size:18px; line-height:1.85; color:#233042; margin:0 0 18px;\">\n      Na naszym profilu b\u0119d\u0105 publikowane aktualno\u015bci z \u017cycia muzeum, zapowiedzi wydarze\u0144, zdj\u0119cia, ciekawostki historyczne oraz materia\u0142y zwi\u0105zane z dziedzictwem regionu.\n    <\/p>\n\n    <div style=\"background:#f5f8fd; border:1px solid #e2e9f5; border-radius:18px; padding:20px 22px; margin:22px 0;\">\n      <div style=\"font-size:16px; font-weight:700; color:#21479c; margin-bottom:12px;\">\n        Co znajdziesz na naszym profilu?\n      <\/div>\n\n      <div style=\"display:grid; gap:10px;\">\n        <div style=\"font-size:17px; color:#233042; line-height:1.7;\">\ud83d\udce2 aktualno\u015bci z \u017cycia muzeum<\/div>\n        <div style=\"font-size:17px; color:#233042; line-height:1.7;\">\ud83d\udcc5 zapowiedzi wydarze\u0144 i informacji dla odwiedzaj\u0105cych<\/div>\n        <div style=\"font-size:17px; color:#233042; line-height:1.7;\">\ud83d\udcf8 fotografie i materia\u0142y promocyjne<\/div>\n        <div style=\"font-size:17px; color:#233042; line-height:1.7;\">\ud83c\udfdb\ufe0f ciekawostki historyczne i regionalne<\/div>\n      <\/div>\n    <\/div>\n\n    <p style=\"font-size:18px; line-height:1.85; color:#233042; margin:0 0 22px;\">\n      Zach\u0119camy do obserwowania naszego fanpage\u2019a i bycia na bie\u017c\u0105co z tym, co dzieje si\u0119 w muzeum.\n    <\/p>\n\n    <div style=\"display:flex; gap:12px; flex-wrap:wrap; align-items:center;\">\n      <a href=\"https:\/\/www.facebook.com\/profile.php?id=61563119514213\"\n         target=\"_blank\"\n         rel=\"noopener noreferrer\"\n         style=\"display:inline-block; background:#1877f2; color:#fff; padding:14px 22px; border-radius:12px; font-weight:700; text-decoration:none; box-shadow:0 8px 20px rgba(24,119,242,0.25);\">\n        \ud83d\udcd8 Odwied\u017a nasz Facebook\n      <\/a>\n\n      <span style=\"font-size:15px; color:#5b6b80;\">\n        Do zobaczenia r\u00f3wnie\u017c online \ud83d\ude42\n      <\/span>\n    <\/div>\n\n  <\/div>\n<\/div>\n","protected":false},"excerpt":{"rendered":"<p>f Nowo\u015b\u0107 Jeste\u015bmy ju\u017c na Facebooku! Mamy dobr\u0105 wiadomo\u015b\u0107 \u2014 Muzeum Regionalne Ziemi Sulmierzyckiej im. F. S. Klonowicza jest ju\u017c dost\u0119pne na Facebooku. Na naszym profilu b\u0119d\u0105 publikowane aktualno\u015bci z \u017cycia muzeum, zapowiedzi wydarze\u0144, zdj\u0119cia, ciekawostki historyczne oraz materia\u0142y zwi\u0105zane z dziedzictwem regionu. Co znajdziesz na naszym profilu? \ud83d\udce2 aktualno\u015bci z \u017cycia muzeum \ud83d\udcc5 zapowiedzi [&hellip;]<\/p>\n","protected":false},"author":1,"featured_media":0,"comment_status":"open","ping_status":"open","sticky":false,"template":"","format":"standard","meta":{"footnotes":""},"categories":[1],"tags":[],"class_list":["post-218","post","type-post","status-publish","format-standard","hentry","category-bez-kategorii"],"_links":{"self":[{"href":"https:\/\/muzeum-sulmierzyce.pl\/index.php?rest_route=\/wp\/v2\/posts\/218","targetHints":{"allow":["GET"]}}],"collection":[{"href":"https:\/\/muzeum-sulmierzyce.pl\/index.php?rest_route=\/wp\/v2\/posts"}],"about":[{"href":"https:\/\/muzeum-sulmierzyce.pl\/index.php?rest_route=\/wp\/v2\/types\/post"}],"author":[{"embeddable":true,"href":"https:\/\/muzeum-sulmierzyce.pl\/index.php?rest_route=\/wp\/v2\/users\/1"}],"replies":[{"embeddable":true,"href":"https:\/\/muzeum-sulmierzyce.pl\/index.php?rest_route=%2Fwp%2Fv2%2Fcomments&post=218"}],"version-history":[{"count":2,"href":"https:\/\/muzeum-sulmierzyce.pl\/index.php?rest_route=\/wp\/v2\/posts\/218\/revisions"}],"predecessor-version":[{"id":221,"href":"https:\/\/muzeum-sulmierzyce.pl\/index.php?rest_route=\/wp\/v2\/posts\/218\/revisions\/221"}],"wp:attachment":[{"href":"https:\/\/muzeum-sulmierzyce.pl\/index.php?rest_route=%2Fwp%2Fv2%2Fmedia&parent=218"}],"wp:term":[{"taxonomy":"category","embeddable":true,"href":"https:\/\/muzeum-sulmierzyce.pl\/index.php?rest_route=%2Fwp%2Fv2%2Fcategories&post=218"},{"taxonomy":"post_tag","embeddable":true,"href":"https:\/\/muzeum-sulmierzyce.pl\/index.php?rest_route=%2Fwp%2Fv2%2Ftags&post=218"}],"curies":[{"name":"wp","href":"https:\/\/api.w.org\/{rel}","templated":true}]}}